{"id":3334,"date":"2025-07-04T10:23:57","date_gmt":"2025-07-04T08:23:57","guid":{"rendered":"https:\/\/freevocals.de\/?p=3334"},"modified":"2025-07-04T10:46:06","modified_gmt":"2025-07-04T08:46:06","slug":"halbzeit-auf-der-hype-tour-was-fuer-ein-erstes-halbjahr","status":"publish","type":"post","link":"https:\/\/freevocals.de\/index.php\/2025\/07\/04\/halbzeit-auf-der-hype-tour-was-fuer-ein-erstes-halbjahr\/","title":{"rendered":"Halbzeit auf der HYPE-Tour \u2013 Was f\u00fcr ein erstes Halbjahr!"},"content":{"rendered":"\t\t<div data-elementor-type=\"wp-post\" data-elementor-id=\"3334\" class=\"elementor elementor-3334\">\n\t\t\t\t<div class=\"elementor-element elementor-element-ea8b85c e-flex e-con-boxed e-con e-parent\" data-id=\"ea8b85c\" data-element_type=\"container\" data-e-type=\"container\">\n\t\t\t\t\t<div class=\"e-con-inner\">\n\t\t\t\t<div class=\"elementor-element elementor-element-8810841 elementor-widget elementor-widget-text-editor\" data-id=\"8810841\" data-element_type=\"widget\" data-e-type=\"widget\" data-widget_type=\"text-editor.default\">\n\t\t\t\t<div class=\"elementor-widget-container\">\n\t\t\t\t\t\t\t\t\t<p data-start=\"117\" data-end=\"503\">Was f\u00fcr ein unglaubliches erstes Halbjahr liegt hinter uns! Unsere HYPE-Tour hat uns durch ganz Deutschland gef\u00fchrt \u2013 und wir sind \u00fcberw\u00e4ltigt von der Resonanz. Die meisten unserer <strong data-start=\"298\" data-end=\"346\">Stimmflut-Konzerte waren restlos ausverkauft<\/strong> und wir durften auf B\u00fchnen stehen, von denen wir fr\u00fcher nur getr\u00e4umt haben. Die Energie, die wir von euch zur\u00fcckbekommen haben, war einfach unbeschreiblich!<\/p>\n<p data-start=\"505\" data-end=\"831\">Ein absolutes Highlight war unser Auftritt im <strong data-start=\"551\" data-end=\"579\">Aurelium nahe Regensburg<\/strong> \u2013 eine B\u00fchne, eine Akustik und ein Publikum, das uns sprachlos gemacht hat. Auch das <strong data-start=\"665\" data-end=\"690\">Open Air in Heilbronn<\/strong> bleibt unvergessen: Innerhalb k\u00fcrzester Zeit war der gesamte Platz gef\u00fcllt und wir standen mit G\u00e4nsehaut auf der B\u00fchne \u2013 was f\u00fcr ein Moment!<\/p>\n<p data-start=\"833\" data-end=\"967\">Aktuell g\u00f6nnen wir uns eine kleine <strong data-start=\"868\" data-end=\"883\">Sommerpause<\/strong>, tanken Kraft und schmieden Pl\u00e4ne f\u00fcr das zweite Halbjahr \u2013 und das hat es in sich!<\/p>\n<p data-start=\"969\" data-end=\"984\">Freut euch auf:<\/p>\n<p data-start=\"969\" data-end=\"984\">&#8211; das <strong data-start=\"991\" data-end=\"1022\">Open Air Festival meetMUSIC<\/strong> in Draiflessen<\/p>\n<p data-start=\"969\" data-end=\"984\">&#8211; die a c<strong data-start=\"1044\" data-end=\"1065\">appella N\u00e4chte<\/strong> in Bayreuth und Blieskastel<\/p>\n<p data-start=\"1095\" data-end=\"1396\">Und das <strong data-start=\"1103\" data-end=\"1125\">absolute Highlight<\/strong>: unser <strong data-start=\"1133\" data-end=\"1195\">Jahresabschlusskonzert in der Alten M\u00e4lzerei in Regensburg<\/strong>! Nach unserem Auftritt feiern wir mit euch weiter \u2013 bei der gro\u00dfen Aftershow-Party mit <strong data-start=\"1283\" data-end=\"1303\">DJ Primary Sound<\/strong>.&nbsp;<\/p>\n<p data-start=\"1095\" data-end=\"1396\"><a href=\"https:\/\/www.eventbrite.de\/e\/final25-free-vocals-friends-tickets-1331488039569?aff=oddtdtcreator\" target=\"_blank\">Tickets gibt\u2019s bereits jetzt auf Eventbrite \u2013 sichert euch euren Platz, bevor sie weg sind!&nbsp;&nbsp;<\/a><\/p>\n<p><\/p>\n<p data-start=\"1398\" data-end=\"1522\">Wir freuen uns riesig auf alles, was noch kommt \u2013 und danken euch von Herzen f\u00fcr ein atemberaubendes erstes Tourhalbjahr! \u2764\ufe0f<\/p>\t\t\t\t\t\t\t\t<\/div>\n\t\t\t\t<\/div>\n\t\t\t\t\t<\/div>\n\t\t\t\t<\/div>\n\t\t\t\t<\/div>\n\t\t","protected":false},"excerpt":{"rendered":"<p>Was f\u00fcr ein unglaubliches erstes Halbjahr liegt hinter uns! Unsere HYPE-Tour hat uns durch ganz Deutschland gef\u00fchrt \u2013 und wir sind \u00fcberw\u00e4ltigt von der Resonanz. Die meisten unserer Stimmflut-Konzerte waren restlos ausverkauft und wir durften auf B\u00fchnen stehen, von denen&#8230;<\/p>\n","protected":false},"author":1,"featured_media":3341,"comment_status":"open","ping_status":"open","sticky":false,"template":"","format":"standard","meta":{"_jetpack_memberships_contains_paid_content":false,"footnotes":""},"categories":[1],"tags":[31,9,10,11,29,30],"class_list":["post-3334","post","type-post","status-publish","format-standard","has-post-thumbnail","hentry","category-uncategorized","tag-boyband","tag-concerts","tag-live","tag-music","tag-on-tour","tag-tour"],"jetpack_featured_media_url":"https:\/\/freevocals.de\/wp-content\/uploads\/2025\/07\/IMG_1723-scaled.jpg","jetpack_sharing_enabled":true,"_links":{"self":[{"href":"https:\/\/freevocals.de\/index.php\/wp-json\/wp\/v2\/posts\/3334","targetHints":{"allow":["GET"]}}],"collection":[{"href":"https:\/\/freevocals.de\/index.php\/wp-json\/wp\/v2\/posts"}],"about":[{"href":"https:\/\/freevocals.de\/index.php\/wp-json\/wp\/v2\/types\/post"}],"author":[{"embeddable":true,"href":"https:\/\/freevocals.de\/index.php\/wp-json\/wp\/v2\/users\/1"}],"replies":[{"embeddable":true,"href":"https:\/\/freevocals.de\/index.php\/wp-json\/wp\/v2\/comments?post=3334"}],"version-history":[{"count":8,"href":"https:\/\/freevocals.de\/index.php\/wp-json\/wp\/v2\/posts\/3334\/revisions"}],"predecessor-version":[{"id":3348,"href":"https:\/\/freevocals.de\/index.php\/wp-json\/wp\/v2\/posts\/3334\/revisions\/3348"}],"wp:featuredmedia":[{"embeddable":true,"href":"https:\/\/freevocals.de\/index.php\/wp-json\/wp\/v2\/media\/3341"}],"wp:attachment":[{"href":"https:\/\/freevocals.de\/index.php\/wp-json\/wp\/v2\/media?parent=3334"}],"wp:term":[{"taxonomy":"category","embeddable":true,"href":"https:\/\/freevocals.de\/index.php\/wp-json\/wp\/v2\/categories?post=3334"},{"taxonomy":"post_tag","embeddable":true,"href":"https:\/\/freevocals.de\/index.php\/wp-json\/wp\/v2\/tags?post=3334"}],"curies":[{"name":"wp","href":"https:\/\/api.w.org\/{rel}","templated":true}]}}